{"id":4359,"date":"2018-02-08T16:41:13","date_gmt":"2018-02-08T16:41:13","guid":{"rendered":"https:\/\/revistaespiritu.istomas.org\/?p=4359"},"modified":"2018-02-12T13:10:18","modified_gmt":"2018-02-12T13:10:18","slug":"vers-una-espiritualidad-familiar-dorientacio-contemplativa","status":"publish","type":"post","link":"https:\/\/revistaespiritu.istomas.org\/en\/vers-una-espiritualidad-familiar-dorientacio-contemplativa\/","title":{"rendered":"Vers una espiritualidad familiar d&#8217;orientaci\u00f3 contemplativa"},"content":{"rendered":"<p>[et_pb_section fb_built=&#8221;1&#8243; admin_label=&#8221;section&#8221; _builder_version=&#8221;3.0.47&#8243;][et_pb_row make_fullwidth=&#8221;on&#8221; padding_right_1=&#8221;30px&#8221; parallax_method_1=&#8221;off&#8221; parallax_method_2=&#8221;off&#8221; parallax_method_3=&#8221;off&#8221; custom_css_main_1=&#8221;border-right: 1px solid #3c8859;&#8221; admin_label=&#8221;row&#8221; _builder_version=&#8221;3.0.47&#8243; background_size=&#8221;initial&#8221; background_position=&#8221;top_left&#8221; background_repeat=&#8221;repeat&#8221;][et_pb_column type=&#8221;1_4&#8243; _builder_version=&#8221;3.0.47&#8243; padding_right=&#8221;30px&#8221; parallax=&#8221;off&#8221; parallax_method=&#8221;off&#8221; custom_css_main=&#8221;border-right: 1px solid #3c8859;&#8221;][et_pb_button button_url=&#8221;https:\/\/revistaespiritu.istomas.org\/espiritu-51\/&#8221; button_text=&#8221;Volver&#8221; button_alignment=&#8221;center&#8221; _builder_version=&#8221;3.0.100&#8243; custom_button=&#8221;on&#8221; button_text_size=&#8221;16&#8243; button_text_color=&#8221;#062a08&#8243; button_bg_color=&#8221;#fcfcfc&#8221; button_border_width=&#8221;1&#8243; button_border_color=&#8221;#062a08&#8243; button_icon=&#8221;%%19%%&#8221; button_icon_color=&#8221;#3c8859&#8243; button_icon_placement=&#8221;left&#8221; button_text_color_hover=&#8221;#3c8859&#8243; button_bg_color_hover=&#8221;#ffffff&#8221; button_border_color_hover=&#8221;#3c8859&#8243;][\/et_pb_button][et_pb_image src=&#8221;https:\/\/revistaespiritu.istomas.org\/wp-content\/uploads\/2018\/02\/Nu\u0301mero-51.jpg&#8221; alt=&#8221;Virtud y ser seg\u00fan Tom\u00e1s de Aquino&#8221; title_text=&#8221;Virtud y ser seg\u00fan Tom\u00e1s de Aquino&#8221; url=&#8221;https:\/\/revistaespiritu.istomas.org\/wp-content\/uploads\/2018\/02\/ESP051-Arti\u0301culo.-Bofill.pdf&#8221; url_new_window=&#8221;on&#8221; align=&#8221;center&#8221; _builder_version=&#8221;3.0.100&#8243; use_border_color=&#8221;off&#8221;][\/et_pb_image][et_pb_button button_url=&#8221;https:\/\/revistaespiritu.istomas.org\/wp-content\/uploads\/2018\/02\/ESP051-Arti\u0301culo.-Bofill.pdf&#8221; url_new_window=&#8221;on&#8221; button_text=&#8221;Descargar texto&#8221; button_alignment=&#8221;center&#8221; _builder_version=&#8221;3.0.100&#8243;][\/et_pb_button][\/et_pb_column][et_pb_column type=&#8221;1_2&#8243; _builder_version=&#8221;3.0.47&#8243; parallax=&#8221;off&#8221; parallax_method=&#8221;off&#8221;][et_pb_post_title meta=&#8221;off&#8221; featured_image=&#8221;off&#8221; _builder_version=&#8221;3.0.47&#8243; title_font_size=&#8221;32px&#8221; parallax=&#8221;on&#8221; text_orientation=&#8221;center&#8221; use_border_color=&#8221;off&#8221; border_color=&#8221;#ffffff&#8221; border_style=&#8221;solid&#8221; parallax_effect=&#8221;on&#8221;][\/et_pb_post_title][et_pb_text _builder_version=&#8221;3.0.100&#8243; use_border_color=&#8221;off&#8221;]<\/p>\n<h4><strong class=\"concepto\">Autor:<\/strong><\/h4>\n<p>Jaume Bofill<br \/>\n[\/et_pb_text][et_pb_text _builder_version=&#8221;3.0.100&#8243; use_border_color=&#8221;off&#8221;]<\/p>\n<h4><strong class=\"concepto\">Localizaci\u00f3n:<\/strong><\/h4>\n<p>Esp\u00edritu: cuadernos del Instituto Filos\u00f3fico de Balmesiana, <acronym title=\"International Standard Serial Number\" xml:lang=\"en\">ISSN<\/acronym> 0014-0716, <a href=\"https:\/\/revistaespiritu.istomas.org\/espiritu-51\/\">A\u00f1o 14, N\u00ba. 51, 1965<\/a>, <abbr title=\"p\u00e1ginas\">p\u00e1gs.<\/abbr> 11-22<br \/>\n[\/et_pb_text][et_pb_text _builder_version=&#8221;3.0.100&#8243; background_size=&#8221;initial&#8221; background_position=&#8221;top_left&#8221; background_repeat=&#8221;repeat&#8221; use_border_color=&#8221;off&#8221;]<\/p>\n<h4>Idioma:<\/h4>\n<p>Catal\u00e1n<\/p>\n<p>[\/et_pb_text][et_pb_text _builder_version=&#8221;3.0.100&#8243; text_orientation=&#8221;justified&#8221; use_border_color=&#8221;off&#8221;]<\/p>\n<h4 class=\"p1\">Introducci\u00f3n:<\/h4>\n<p class=\"p1\">La condici\u00f3 de les realitats corporals (i m\u00e9s profundament, de tota realitat finita) \u00e9s de naturalesa \u00abmedial\u00bb: l&#8217;esperit es comporta, a llur respecte, en una \u00abindiferencia dominant\u00bb. Per aixo, la condici\u00f3 de l&#8217;esperit en el m\u00f3n (la condici\u00f3 de l&#8217;home) \u00e9s \u00abincorporaci\u00f3-segregaci\u00f3\u00bb; el Regne de D\u00e9u, que \u00abno consisteix en el menjar i el beure\u00bb, consisteix, no obstant, en \u00abdonar menjar a qui t\u00e9 fam i beure a qui t\u00e9 set\u00bb; per aixo la \u00abconsecratio mundi\u00bb (elevaci\u00f3 de la natura en ofrena a D\u00e9u) t\u00e9 .Hoc segons la dialecth:a del \u00abllevat\u00bb o la \u00absal\u00bb, els quals cal que es barregin amb la massa fins a fer una sola cosa amb ella, pero cal, igualment, que no perdin per aixo llur virtualitat propia: ja que per res no servirien, en endavant, sin\u00f3 por \u00e9sser llern;ats a fora i trepitjats pels homes (2).<\/p>\n<p>[\/et_pb_text][et_pb_button button_url=&#8221;https:\/\/revistaespiritu.istomas.org\/wp-content\/uploads\/2018\/02\/ESP051-Arti\u0301culo.-Bofill.pdf&#8221; url_new_window=&#8221;on&#8221; button_text=&#8221;Seguir leyendo&#8230;&#8221; button_alignment=&#8221;center&#8221; _builder_version=&#8221;3.0.100&#8243;][\/et_pb_button][et_pb_text _builder_version=&#8221;3.0.47&#8243; background_size=&#8221;initial&#8221; background_position=&#8221;top_left&#8221; background_repeat=&#8221;repeat&#8221; use_border_color=&#8221;off&#8221; border_color=&#8221;#ffffff&#8221; border_style=&#8221;solid&#8221;] [yuzo_related] [\/et_pb_text][\/et_pb_column][et_pb_column type=&#8221;1_4&#8243; _builder_version=&#8221;3.0.47&#8243; parallax=&#8221;off&#8221; parallax_method=&#8221;off&#8221;][et_pb_sidebar orientation=&#8221;right&#8221; area=&#8221;sidebar-1&#8243; _builder_version=&#8221;3.0.47&#8243; header_font_size=&#8221;16&#8243; remove_border=&#8221;off&#8221;][\/et_pb_sidebar][\/et_pb_column][\/et_pb_row][\/et_pb_section]<\/p>\n","protected":false},"excerpt":{"rendered":"<p>La condici\u00f3 de les realitats corporals (i m\u00e9s profundament, de tota realitat finita) \u00e9s de naturalesa \u00abmedial\u00bb: l&#8217;esperit es comporta, a llur respecte, en una \u00abindiferencia dominant\u00bb. Per aixo, la condici\u00f3 de l&#8217;esperit en el m\u00f3n (la condici\u00f3 de l&#8217;home) \u00e9s \u00abincorporaci\u00f3-segregaci\u00f3\u00bb; el Regne de D\u00e9u, que \u00abno consisteix en el menjar i el beure\u00bb, consisteix, no obstant, en \u00abdonar menjar a qui t\u00e9 fam i beure a qui t\u00e9 set\u00bb; per aixo la \u00abconsecratio mundi\u00bb (elevaci\u00f3 de la natura en ofrena a D\u00e9u) t\u00e9 .Hoc segons la dialecth:a del \u00abllevat\u00bb o la \u00absal\u00bb, els quals cal que es barregin amb la massa fins a fer una sola cosa amb ella, pero cal, igualment, que no perdin per aixo llur virtualitat propia: ja que per res no servirien, en endavant, sin\u00f3 por \u00e9sser llern;ats a fora i trepitjats pels homes (2).<\/p>\n","protected":false},"author":1,"featured_media":4354,"comment_status":"open","ping_status":"open","sticky":false,"template":"","format":"standard","meta":{"_et_pb_use_builder":"on","_et_pb_old_content":"","_et_gb_content_width":"","footnotes":""},"categories":[509],"tags":[510],"class_list":["post-4359","post","type-post","status-publish","format-standard","has-post-thumbnail","hentry","category-51-1965","tag-jaume-bofill","idioma-catalan","tipologia-articulo"],"_links":{"self":[{"href":"https:\/\/revistaespiritu.istomas.org\/en\/wp-json\/wp\/v2\/posts\/4359","targetHints":{"allow":["GET"]}}],"collection":[{"href":"https:\/\/revistaespiritu.istomas.org\/en\/wp-json\/wp\/v2\/posts"}],"about":[{"href":"https:\/\/revistaespiritu.istomas.org\/en\/wp-json\/wp\/v2\/types\/post"}],"author":[{"embeddable":true,"href":"https:\/\/revistaespiritu.istomas.org\/en\/wp-json\/wp\/v2\/users\/1"}],"replies":[{"embeddable":true,"href":"https:\/\/revistaespiritu.istomas.org\/en\/wp-json\/wp\/v2\/comments?post=4359"}],"version-history":[{"count":0,"href":"https:\/\/revistaespiritu.istomas.org\/en\/wp-json\/wp\/v2\/posts\/4359\/revisions"}],"wp:featuredmedia":[{"embeddable":true,"href":"https:\/\/revistaespiritu.istomas.org\/en\/wp-json\/wp\/v2\/media\/4354"}],"wp:attachment":[{"href":"https:\/\/revistaespiritu.istomas.org\/en\/wp-json\/wp\/v2\/media?parent=4359"}],"wp:term":[{"taxonomy":"category","embeddable":true,"href":"https:\/\/revistaespiritu.istomas.org\/en\/wp-json\/wp\/v2\/categories?post=4359"},{"taxonomy":"post_tag","embeddable":true,"href":"https:\/\/revistaespiritu.istomas.org\/en\/wp-json\/wp\/v2\/tags?post=4359"}],"curies":[{"name":"wp","href":"https:\/\/api.w.org\/{rel}","templated":true}]}}