{"id":2454,"date":"2018-01-31T08:18:24","date_gmt":"2018-01-31T08:18:24","guid":{"rendered":"https:\/\/revistaespiritu.istomas.org\/?p=2454"},"modified":"2018-01-31T08:18:24","modified_gmt":"2018-01-31T08:18:24","slug":"por-que-es-inteligible-lo-real-idealidad-de-platon-relectura-de-agustin-y-proyeccion-medieval-i","status":"publish","type":"post","link":"https:\/\/revistaespiritu.istomas.org\/en\/por-que-es-inteligible-lo-real-idealidad-de-platon-relectura-de-agustin-y-proyeccion-medieval-i\/","title":{"rendered":"\u00bfPor qu\u00e9 es inteligible lo real? Idealidad de Plat\u00f3n, relectura de Agust\u00edn y proyecci\u00f3n medieval (I)"},"content":{"rendered":"<p>[et_pb_section bb_built=&#8221;1&#8243; admin_label=&#8221;section&#8221;][et_pb_row admin_label=&#8221;row&#8221; make_fullwidth=&#8221;on&#8221; use_custom_width=&#8221;off&#8221; width_unit=&#8221;on&#8221; use_custom_gutter=&#8221;off&#8221; allow_player_pause=&#8221;off&#8221; parallax=&#8221;off&#8221; parallax_method=&#8221;off&#8221; make_equal=&#8221;off&#8221; parallax_1=&#8221;off&#8221; parallax_method_1=&#8221;off&#8221; parallax_2=&#8221;off&#8221; parallax_method_2=&#8221;off&#8221; custom_css_main_1=&#8221;border-right: 1px solid #3c8859;&#8221; parallax_3=&#8221;off&#8221; parallax_method_3=&#8221;off&#8221; padding_right_1=&#8221;30px&#8221;][et_pb_column type=&#8221;1_4&#8243;][et_pb_button url_new_window=&#8221;off&#8221; button_text=&#8221;Volver&#8221; button_alignment=&#8221;center&#8221; background_layout=&#8221;light&#8221; custom_button=&#8221;on&#8221; button_icon_placement=&#8221;left&#8221; button_url=&#8221;https:\/\/revistaespiritu.istomas.org\/espiritu-127\/&#8221; button_text_color=&#8221;#062a08&#8243; button_bg_color=&#8221;#fcfcfc&#8221; button_border_width=&#8221;1&#8243; button_border_color=&#8221;#062a08&#8243; button_icon=&#8221;%%19%%&#8221; button_icon_color=&#8221;#3c8859&#8243; button_text_color_hover=&#8221;#3c8859&#8243; button_bg_color_hover=&#8221;#ffffff&#8221; button_border_color_hover=&#8221;#3c8859&#8243; _builder_version=&#8221;3.0.98&#8243; \/][et_pb_image src=&#8221;https:\/\/revistaespiritu.istomas.org\/wp-content\/uploads\/2018\/01\/127.jpg&#8221; alt=&#8221;Virtud y ser seg\u00fan Tom\u00e1s de Aquino&#8221; title_text=&#8221;Virtud y ser seg\u00fan Tom\u00e1s de Aquino&#8221; show_in_lightbox=&#8221;off&#8221; url_new_window=&#8221;on&#8221; use_overlay=&#8221;off&#8221; animation=&#8221;off&#8221; sticky=&#8221;off&#8221; align=&#8221;center&#8221; force_fullwidth=&#8221;off&#8221; always_center_on_mobile=&#8221;on&#8221; use_border_color=&#8221;off&#8221; border_color=&#8221;#ffffff&#8221; border_style=&#8221;solid&#8221; url=&#8221;https:\/\/revistaespiritu.istomas.org\/wp-content\/uploads\/2018\/01\/Dialnet-PorQueEsInteligibleLoRealIdealidadDePlatonRelectur-5523920.pdf&#8221; _builder_version=&#8221;3.0.98&#8243; show_bottom_space=&#8221;on&#8221; \/][et_pb_button url_new_window=&#8221;on&#8221; button_text=&#8221;Descargar texto&#8221; button_alignment=&#8221;center&#8221; background_layout=&#8221;light&#8221; custom_button=&#8221;off&#8221; button_icon_placement=&#8221;right&#8221; button_url=&#8221;https:\/\/revistaespiritu.istomas.org\/wp-content\/uploads\/2018\/01\/Dialnet-PorQueEsInteligibleLoRealIdealidadDePlatonRelectur-5523920.pdf&#8221; _builder_version=&#8221;3.0.98&#8243; \/][\/et_pb_column][et_pb_column type=&#8221;1_2&#8243;][et_pb_post_title title=&#8221;on&#8221; meta=&#8221;off&#8221; author=&#8221;off&#8221; date=&#8221;on&#8221; categories=&#8221;on&#8221; comments=&#8221;off&#8221; featured_image=&#8221;off&#8221; featured_placement=&#8221;below&#8221; parallax_effect=&#8221;on&#8221; parallax_method=&#8221;on&#8221; text_orientation=&#8221;center&#8221; text_color=&#8221;dark&#8221; text_background=&#8221;off&#8221; text_bg_color=&#8221;rgba(255,255,255,0.9)&#8221; use_border_color=&#8221;off&#8221; border_color=&#8221;#ffffff&#8221; border_style=&#8221;solid&#8221; title_font_size=&#8221;32px&#8221; \/][et_pb_text background_layout=&#8221;light&#8221; use_border_color=&#8221;off&#8221; border_color=&#8221;#ffffff&#8221; border_style=&#8221;solid&#8221; _builder_version=&#8221;3.0.98&#8243;]<\/p>\n<h4><strong class=\"concepto\">Autor:<\/strong><\/h4>\n<p>Agust\u00edn U\u00f1a Ju\u00e1rez<\/p>\n<p>[\/et_pb_text][et_pb_text background_layout=&#8221;light&#8221; use_border_color=&#8221;off&#8221; border_color=&#8221;#ffffff&#8221; border_style=&#8221;solid&#8221; _builder_version=&#8221;3.0.98&#8243;]<\/p>\n<h4><strong class=\"concepto\">Localizaci\u00f3n:<\/strong><\/h4>\n<p>Esp\u00edritu: cuadernos del Instituto Filos\u00f3fico de Balmesiana, <acronym title=\"International Standard Serial Number\" xml:lang=\"en\">ISSN<\/acronym> 0014-0716, <a href=\"https:\/\/revistaespiritu.istomas.org\/espiritu-127\/\">A\u00f1o 52, N\u00ba. 127, 2003<\/a>, <abbr title=\"p\u00e1ginas\">p\u00e1gs.<\/abbr> 5-28<\/p>\n<p>[\/et_pb_text][et_pb_text background_layout=&#8221;light&#8221; text_orientation=&#8221;left&#8221; use_border_color=&#8221;off&#8221; border_color=&#8221;#ffffff&#8221; border_style=&#8221;solid&#8221;]<\/p>\n<h4>Idioma:<\/h4>\n<p>Espa\u00f1ol<\/p>\n<p>[\/et_pb_text][et_pb_text background_layout=&#8221;light&#8221; text_orientation=&#8221;justified&#8221; use_border_color=&#8221;off&#8221; border_color=&#8221;#ffffff&#8221; border_style=&#8221;solid&#8221; _builder_version=&#8221;3.0.98&#8243;]<\/p>\n<h4 class=\"p1\">Introducci\u00f3n:<\/h4>\n<p class=\"p1\">\u00c9ste es el primero de dos estudios sobre lo que suele entenderse como teor\u00eda del conocimiento en San Agust\u00edn. La presente indagaci\u00f3n se pregunta qu\u00e9 realidad radical vuelve el ser inteligible. Estar\u00edamos ante la posibilidad primordial del conocimiento por parte de la realidad o de las cosas mismas. El segundo estudio ser\u00e1 m\u00e1s reflejo. Estudiar\u00e1 las atribuciones de conocimiento que Agust\u00edn descubre en el esp\u00edritu, los matices gnoseol\u00f3gicos que la mente, vuelta sobre s\u00ed, ve en la propia mente. Es el lado subjetivo: la posibilidad primordial del conocimiento \u201cex parte subiecti\u201d. En ambos aspectos Agust\u00edn recurre al platonismo. Pero comencemos perfilando el problema.<\/p>\n<p>[\/et_pb_text][et_pb_button url_new_window=&#8221;on&#8221; button_text=&#8221;Seguir leyendo&#8230;&#8221; button_alignment=&#8221;center&#8221; background_layout=&#8221;light&#8221; custom_button=&#8221;off&#8221; button_icon_placement=&#8221;right&#8221; button_url=&#8221;https:\/\/revistaespiritu.istomas.org\/wp-content\/uploads\/2018\/01\/Dialnet-PorQueEsInteligibleLoRealIdealidadDePlatonRelectur-5523920.pdf&#8221; _builder_version=&#8221;3.0.98&#8243; \/][et_pb_text background_layout=&#8221;light&#8221; text_orientation=&#8221;left&#8221; use_border_color=&#8221;off&#8221; border_color=&#8221;#ffffff&#8221; border_style=&#8221;solid&#8221;] [yuzo_related] [\/et_pb_text][\/et_pb_column][et_pb_column type=&#8221;1_4&#8243;][et_pb_sidebar orientation=&#8221;right&#8221; area=&#8221;sidebar-1&#8243; background_layout=&#8221;light&#8221; remove_border=&#8221;off&#8221; header_font_size=&#8221;16&#8243; \/][\/et_pb_column][\/et_pb_row][\/et_pb_section]<\/p>\n","protected":false},"excerpt":{"rendered":"<p>\u00c9ste es el primero de dos estudios sobre lo que suele entenderse como teor\u00eda del conocimiento en San Agust\u00edn. La presente indagaci\u00f3n se pregunta qu\u00e9 realidad radical vuelve el ser inteligible. Estar\u00edamos ante la posibilidad primordial del conocimiento por parte de la realidad o de las cosas mismas. El segundo estudio ser\u00e1 m\u00e1s reflejo. Estudiar\u00e1 las atribuciones de conocimiento que Agust\u00edn descubre en el esp\u00edritu, los matices gnoseol\u00f3gicos que la mente, vuelta sobre s\u00ed, ve en la propia mente. Es el lado subjetivo: la posibilidad primordial del conocimiento \u201cex parte subiecti\u201d. En ambos aspectos Agust\u00edn recurre al platonismo. Pero comencemos perfilando el problema.<\/p>\n","protected":false},"author":1,"featured_media":2444,"comment_status":"open","ping_status":"open","sticky":false,"template":"","format":"standard","meta":{"_et_pb_use_builder":"on","_et_pb_old_content":"","_et_gb_content_width":"","footnotes":""},"categories":[308],"tags":[309],"class_list":["post-2454","post","type-post","status-publish","format-standard","has-post-thumbnail","hentry","category-127-2003","tag-agustin-una-juarez","idioma-espanol","tipologia-articulo"],"_links":{"self":[{"href":"https:\/\/revistaespiritu.istomas.org\/en\/wp-json\/wp\/v2\/posts\/2454","targetHints":{"allow":["GET"]}}],"collection":[{"href":"https:\/\/revistaespiritu.istomas.org\/en\/wp-json\/wp\/v2\/posts"}],"about":[{"href":"https:\/\/revistaespiritu.istomas.org\/en\/wp-json\/wp\/v2\/types\/post"}],"author":[{"embeddable":true,"href":"https:\/\/revistaespiritu.istomas.org\/en\/wp-json\/wp\/v2\/users\/1"}],"replies":[{"embeddable":true,"href":"https:\/\/revistaespiritu.istomas.org\/en\/wp-json\/wp\/v2\/comments?post=2454"}],"version-history":[{"count":0,"href":"https:\/\/revistaespiritu.istomas.org\/en\/wp-json\/wp\/v2\/posts\/2454\/revisions"}],"wp:featuredmedia":[{"embeddable":true,"href":"https:\/\/revistaespiritu.istomas.org\/en\/wp-json\/wp\/v2\/media\/2444"}],"wp:attachment":[{"href":"https:\/\/revistaespiritu.istomas.org\/en\/wp-json\/wp\/v2\/media?parent=2454"}],"wp:term":[{"taxonomy":"category","embeddable":true,"href":"https:\/\/revistaespiritu.istomas.org\/en\/wp-json\/wp\/v2\/categories?post=2454"},{"taxonomy":"post_tag","embeddable":true,"href":"https:\/\/revistaespiritu.istomas.org\/en\/wp-json\/wp\/v2\/tags?post=2454"}],"curies":[{"name":"wp","href":"https:\/\/api.w.org\/{rel}","templated":true}]}}